{"id":180,"date":"2016-10-04T13:10:20","date_gmt":"2016-10-04T12:10:20","guid":{"rendered":"http:\/\/aurance-energies.fr\/?p=180"},"modified":"2018-11-28T11:50:25","modified_gmt":"2018-11-28T10:50:25","slug":"liens-utiles","status":"publish","type":"post","link":"https:\/\/aurance-energies.fr\/index.php\/2016\/10\/04\/liens-utiles\/","title":{"rendered":"Liens utiles"},"content":{"rendered":"<h4><span style=\"color: #008000;\">ENERGIE PARTAGEE<\/span><\/h4>\n<p style=\"text-align: justify;\"><img data-recalc-dims=\"1\" decoding=\"async\" class=\"wp-image-293 alignright lazyload\" data-src=\"https:\/\/i0.wp.com\/aurance-energies.fr\/wp-content\/uploads\/2016\/10\/logo-ep.jpg?resize=199%2C217&#038;ssl=1\" alt=\"logo-ep\" width=\"199\" height=\"217\" src=\"data:image\/svg+xml;base64,PHN2ZyB3aWR0aD0iMSIgaGVpZ2h0PSIxIiB4bWxucz0iaHR0cDovL3d3dy53My5vcmcvMjAwMC9zdmciPjwvc3ZnPg==\" style=\"--smush-placeholder-width: 199px; --smush-placeholder-aspect-ratio: 199\/217;\" \/>Cette structure essaime, accompagne et finance des projets citoyens de production d\u2019\u00e9nergie renouvelable. Pour accomplir ces missions, le mouvement s\u2019organise en deux structures compl\u00e9mentaires : une association de promotion et d\u2019animation et un outil d\u2019investissement citoyen.<\/p>\n<p style=\"text-align: justify;\">L\u2019association a pour but de sensibiliser \u00e0 l\u2019\u00e9nergie citoyenne et d\u2019en f\u00e9d\u00e9rer les acteurs et porteurs de projets \u00e0 l\u2019\u00e9chelle nationale.<\/p>\n<p style=\"text-align: justify;\">L\u2019outil d\u2019investissement collecte l\u2019\u00e9pargne des citoyens pour l\u2019investir directement au capital de projets de production d\u2019\u00e9nergie renouvelable.<\/p>\n<p style=\"text-align: justify;\">Depuis le 16 mai 2017, Energie Partag\u00e9e Investissement est actionnaire de la soci\u00e9t\u00e9.<\/p>\n<p style=\"text-align: justify;\">Pour en savoir plus\u00a0: <a href=\"https:\/\/energie-partagee.org\/\" target=\"_blank\" rel=\"noopener\">www.energie-partagee.org\/<\/a><\/p>\n<h4><span style=\"color: #008000;\">LE CLER<\/span><\/h4>\n<p style=\"text-align: justify;\"><img data-recalc-dims=\"1\" decoding=\"async\" class=\"wp-image-317 alignright lazyload\" data-src=\"https:\/\/i0.wp.com\/aurance-energies.fr\/wp-content\/uploads\/2016\/10\/logo-cler.jpg?resize=141%2C221&#038;ssl=1\" alt=\"logo-cler\" width=\"141\" height=\"221\" data-srcset=\"https:\/\/i0.wp.com\/aurance-energies.fr\/wp-content\/uploads\/2016\/10\/logo-cler.jpg?resize=192%2C300&amp;ssl=1 192w, https:\/\/i0.wp.com\/aurance-energies.fr\/wp-content\/uploads\/2016\/10\/logo-cler.jpg?w=320&amp;ssl=1 320w\" data-sizes=\"(max-width: 141px) 100vw, 141px\" src=\"data:image\/svg+xml;base64,PHN2ZyB3aWR0aD0iMSIgaGVpZ2h0PSIxIiB4bWxucz0iaHR0cDovL3d3dy53My5vcmcvMjAwMC9zdmciPjwvc3ZnPg==\" style=\"--smush-placeholder-width: 141px; --smush-placeholder-aspect-ratio: 141\/221;\" \/>Le CLER, R\u00e9seau pour la transition \u00e9nerg\u00e9tique, est une association agr\u00e9\u00e9e de protection de l\u2019environnement cr\u00e9\u00e9e en 1984 et habilit\u00e9e \u00e0 si\u00e9ger dans les instances nationales par arr\u00eat\u00e9 du 20 d\u00e9cembre 2013. Il a pour objectif de promouvoir les \u00e9nergies renouvelables, la ma\u00eetrise de l\u2019\u00e9nergie, et, plus largement, la transition \u00e9nerg\u00e9tique. Aujourd\u2019hui, le CLER f\u00e9d\u00e8re un r\u00e9seau de pr\u00e8s de 300 structures professionnelles r\u00e9parties sur l\u2019ensemble du territoire.<\/p>\n<p style=\"text-align: justify;\">La composition vari\u00e9e du <strong>r\u00e9seau<\/strong>, qui en fait sa force, permet une vision globale des questions \u00e9nerg\u00e9tiques\u00a0:<\/p>\n<ul style=\"text-align: justify;\">\n<li><strong>Associations<\/strong>\u00a0: Espaces Info \u00c9nergie, agences d\u00e9partementales d\u2019information sur le logement, associations locales sp\u00e9cialistes des \u00e9nergies renouvelables et de l\u2019efficacit\u00e9 \u00e9nerg\u00e9tique, ONG\u2026<\/li>\n<li><strong>Entreprises<\/strong>\u00a0: Bureaux d\u2019\u00e9tudes, d\u00e9veloppeurs de projets, exploitants ou installateurs, fournisseurs d\u2019\u00e9quipements, architectes&#8230;<\/li>\n<li><strong>Organismes publics<\/strong>\u00a0: agences de l\u2019\u00e9nergie, organismes de formation et de recherche, collectivit\u00e9s territoriales, \u00e9tablissements publics et syndicats d\u2019\u00e9nergies&#8230;<\/li>\n<\/ul>\n<p style=\"text-align: justify;\">Vous pouvez compl\u00e9ter votre information en consultant le site : <a href=\"http:\/\/cler.org\/\" target=\"_blank\" rel=\"noopener\">www.cler.org<\/a>.<\/p>\n<h4 style=\"text-align: justify;\"><span style=\"color: #008000;\">ALEC07<\/span><\/h4>\n<p style=\"text-align: justify;\">Ayant son si\u00e8ge \u00e0 Aubenas, l&rsquo;ALEC07 ( ex-Pol\u00e9nergie) est <a href=\"http:\/\/www.alec07.org\/\" target=\"_blank\" rel=\"noopener\"><img data-recalc-dims=\"1\" decoding=\"async\" class=\"alignright size-medium lazyload\" data-src=\"https:\/\/i0.wp.com\/www.alec07.org\/wp-content\/themes\/alec07hespul201806\/images\/logo.png?resize=222%2C120\" width=\"222\" height=\"120\" src=\"data:image\/svg+xml;base64,PHN2ZyB3aWR0aD0iMSIgaGVpZ2h0PSIxIiB4bWxucz0iaHR0cDovL3d3dy53My5vcmcvMjAwMC9zdmciPjwvc3ZnPg==\" style=\"--smush-placeholder-width: 222px; --smush-placeholder-aspect-ratio: 222\/120;\" \/><\/a>l\u2019Espace Info Energie (EIE) pour l\u2019Ard\u00e8che. De statut associatif, elle renseigne gratuitement les particuliers sur toutes les questions techniques et financi\u00e8res sur l\u2019\u00e9nergie dans l\u2019habitat.<\/p>\n<p style=\"text-align: justify;\">Elle organise r\u00e9guli\u00e8rement des animations autour de l\u2019\u00e9nergie, des \u00e9conomies d\u2019\u00e9nergies ou encore des \u00e9nergies renouvelables et participe aux r\u00e9flexions pour faire \u00e9merger les politiques publiques de demain.<\/p>\n<p style=\"text-align: justify;\">Elle propose un accompagnement technique et m\u00e9thodologique des collectivit\u00e9s dans leurs projets, et s\u2019investit par ailleurs pour lutter contre la pr\u00e9carit\u00e9 \u00e9nerg\u00e9tique, en particulier gr\u00e2ce \u00e0 la mobilisation d\u2019un fonds d\u00e9partemental d\u2019aide aux travaux de ma\u00eetrise de l\u2018\u00e9nergie.<\/p>\n<p>Pour de plus amples informations :<a href=\"http:\/\/www.alec07.org\/\" target=\"_blank\" rel=\"noopener\">www.alec07.org<\/a><\/p>\n<h4><span style=\"color: #008000;\">ENERCOOP RH\u00d4NE-ALPES<\/span><\/h4>\n<p style=\"text-align: justify;\"><img data-recalc-dims=\"1\" decoding=\"async\" class=\"wp-image-278 alignright lazyload\" data-src=\"https:\/\/i0.wp.com\/aurance-energies.fr\/wp-content\/uploads\/2016\/10\/LOGO-Enercoop-RhoneAlpes.jpg?resize=220%2C129&#038;ssl=1\" alt=\"logo-enercoop-rhonealpes\" width=\"220\" height=\"129\" data-srcset=\"https:\/\/i0.wp.com\/aurance-energies.fr\/wp-content\/uploads\/2016\/10\/LOGO-Enercoop-RhoneAlpes.jpg?resize=300%2C176&amp;ssl=1 300w, https:\/\/i0.wp.com\/aurance-energies.fr\/wp-content\/uploads\/2016\/10\/LOGO-Enercoop-RhoneAlpes.jpg?w=567&amp;ssl=1 567w\" data-sizes=\"(max-width: 220px) 100vw, 220px\" src=\"data:image\/svg+xml;base64,PHN2ZyB3aWR0aD0iMSIgaGVpZ2h0PSIxIiB4bWxucz0iaHR0cDovL3d3dy53My5vcmcvMjAwMC9zdmciPjwvc3ZnPg==\" style=\"--smush-placeholder-width: 220px; --smush-placeholder-aspect-ratio: 220\/129;\" \/>Enercoop Rh\u00f4ne-Alpes est une coop\u00e9rative r\u00e9gionale, dont le si\u00e8ge est \u00e0 Grenoble, ayant pour but de commercialiser en Rh\u00f4ne-Alpes l\u2019offre d\u2019\u00e9lectricit\u00e9 d\u2019origine 100% renouvelable d\u2019Enercoop.<\/p>\n<p style=\"text-align: justify;\">Elle d\u00e9veloppe \u00e9galement ou accompagne la cr\u00e9ation de moyens de production d&rsquo;\u00e9nergie renouvelable en coop\u00e9ration directe avec les collectivit\u00e9s, les citoyens et les entreprises.<\/p>\n<p style=\"text-align: justify;\">Elle propose enfin des services li\u00e9s \u00e0 la ma\u00eetrise de l\u2019\u00e9nergie dans le but de r\u00e9duire les consommations\u00a0: audit, pr\u00e9-diagnostic pour professionnels et formation pour les particuliers avec Docteur Watt.<\/p>\n<p style=\"text-align: justify;\">Pour en savoir davantage\u00a0:<a href=\"https:\/\/rhone-alpes.enercoop.fr\/\" target=\"_blank\" rel=\"noopener\">rhone-alpes.enercoop.fr<\/a><\/p>\n<p>&nbsp;<\/p>\n<h4><span style=\"color: #339966;\">RAEE<\/span><\/h4>\n<p><img data-recalc-dims=\"1\" decoding=\"async\" class=\"wp-image-318 alignright lazyload\" data-src=\"https:\/\/i0.wp.com\/aurance-energies.fr\/wp-content\/uploads\/2016\/10\/LOGO_RAEE_final_web_0.jpg?resize=201%2C92&#038;ssl=1\" alt=\"logo_raee_final_web_0\" width=\"201\" height=\"92\" src=\"data:image\/svg+xml;base64,PHN2ZyB3aWR0aD0iMSIgaGVpZ2h0PSIxIiB4bWxucz0iaHR0cDovL3d3dy53My5vcmcvMjAwMC9zdmciPjwvc3ZnPg==\" style=\"--smush-placeholder-width: 201px; --smush-placeholder-aspect-ratio: 201\/92;\" \/>L&rsquo;Agence r\u00e9gionale Rh\u00f4nalp\u00e9nergie a \u00e9t\u00e9 cr\u00e9\u00e9e pour r\u00e9pondre au besoin d&rsquo;information, de conseil et d&rsquo;assistance des collectivit\u00e9s locales en mati\u00e8re d&rsquo;\u00e9nergie. L&rsquo;Agence r\u00e9gionale entend \u00eatre, en Rh\u00f4ne-Alpes, un lieu privil\u00e9gi\u00e9 de r\u00e9flexion et d&rsquo;\u00e9changes entre les diff\u00e9rents partenaires institutionnels, \u00e9conomiques et associatifs concern\u00e9s par les questions d&rsquo;\u00e9nergie et d&rsquo;environnement.<\/p>\n<p>Elle contribue, par son action, \u00e0 l&rsquo;\u00e9mergence de projets dont elle accompagne l&rsquo;\u00e9laboration initiale, notamment le concept des centrales villageoises.<\/p>\n<p>Pour en savoir davantage : <a href=\"http:\/\/www.raee.org\" target=\"_blank\" rel=\"noopener\">www.raee.org<\/a><\/p>\n<h4><span style=\"color: #339966;\">HESPUL<\/span><\/h4>\n<p><img data-recalc-dims=\"1\" decoding=\"async\" class=\"wp-image-319 alignright lazyload\" data-src=\"https:\/\/i0.wp.com\/aurance-energies.fr\/wp-content\/uploads\/2016\/10\/logo-hespul.jpg?resize=201%2C201&#038;ssl=1\" alt=\"logo-hespul\" width=\"201\" height=\"201\" data-srcset=\"https:\/\/i0.wp.com\/aurance-energies.fr\/wp-content\/uploads\/2016\/10\/logo-hespul.jpg?w=225&amp;ssl=1 225w, https:\/\/i0.wp.com\/aurance-energies.fr\/wp-content\/uploads\/2016\/10\/logo-hespul.jpg?resize=150%2C150&amp;ssl=1 150w, https:\/\/i0.wp.com\/aurance-energies.fr\/wp-content\/uploads\/2016\/10\/logo-hespul.jpg?resize=80%2C80&amp;ssl=1 80w\" data-sizes=\"(max-width: 201px) 100vw, 201px\" src=\"data:image\/svg+xml;base64,PHN2ZyB3aWR0aD0iMSIgaGVpZ2h0PSIxIiB4bWxucz0iaHR0cDovL3d3dy53My5vcmcvMjAwMC9zdmciPjwvc3ZnPg==\" style=\"--smush-placeholder-width: 201px; --smush-placeholder-aspect-ratio: 201\/201;\" \/>L\u2019association HESPUL cumule vingt ans d\u2019exp\u00e9rience dans le solaire photovolta\u00efque et est sp\u00e9cialis\u00e9e dans le d\u00e9veloppement des \u00e9nergies renouvelables et de l\u2019efficacit\u00e9 \u00e9nerg\u00e9tique. Elle a raccord\u00e9 au r\u00e9seau la premi\u00e8re installation solaire photovolta\u00efque en France en 1992. Elle anime le centre de ressources national sur le photovolta\u00efque dont le site <a href=\"http:\/\/www.photovoltaique.info\" target=\"_blank\" rel=\"noopener\">www.photovoltaique.info<\/a>.<\/p>\n<p>&nbsp;<\/p>\n","protected":false},"excerpt":{"rendered":"<p>ENERGIE PARTAGEE Cette structure essaime, accompagne et finance des projets citoyens de production d\u2019\u00e9nergie renouvelable. Pour accomplir ces missions, le mouvement s\u2019organise en deux structures compl\u00e9mentaires : une association de promotion et d\u2019animation et un outil d\u2019investissement citoyen. L\u2019association a pour but de sensibiliser \u00e0 l\u2019\u00e9nergie citoyenne et d\u2019en f\u00e9d\u00e9rer les acteurs et porteurs de [&hellip;]<\/p>\n","protected":false},"author":1,"featured_media":0,"comment_status":"closed","ping_status":"open","sticky":false,"template":"","format":"standard","meta":{"site-sidebar-layout":"default","site-content-layout":"","ast-site-content-layout":"default","site-content-style":"default","site-sidebar-style":"default","ast-global-header-display":"","ast-banner-title-visibility":"","ast-main-header-display":"","ast-hfb-above-header-display":"","ast-hfb-below-header-display":"","ast-hfb-mobile-header-display":"","site-post-title":"","ast-breadcrumbs-content":"","ast-featured-img":"","footer-sml-layout":"","ast-disable-related-posts":"","theme-transparent-header-meta":"","adv-header-id-meta":"","stick-header-meta":"","header-above-stick-meta":"","header-main-stick-meta":"","header-below-stick-meta":"","astra-migrate-meta-layouts":"default","ast-page-background-enabled":"default","ast-page-background-meta":{"desktop":{"background-color":"var(--ast-global-color-4)","background-image":"","background-repeat":"repeat","background-position":"center center","background-size":"auto","background-attachment":"scroll","background-type":"","background-media":"","overlay-type":"","overlay-color":"","overlay-opacity":"","overlay-gradient":""},"tablet":{"background-color":"","background-image":"","background-repeat":"repeat","background-position":"center center","background-size":"auto","background-attachment":"scroll","background-type":"","background-media":"","overlay-type":"","overlay-color":"","overlay-opacity":"","overlay-gradient":""},"mobile":{"background-color":"","background-image":"","background-repeat":"repeat","background-position":"center center","background-size":"auto","background-attachment":"scroll","background-type":"","background-media":"","overlay-type":"","overlay-color":"","overlay-opacity":"","overlay-gradient":""}},"ast-content-background-meta":{"desktop":{"background-color":"var(--ast-global-color-5)","background-image":"","background-repeat":"repeat","background-position":"center center","background-size":"auto","background-attachment":"scroll","background-type":"","background-media":"","overlay-type":"","overlay-color":"","overlay-opacity":"","overlay-gradient":""},"tablet":{"background-color":"var(--ast-global-color-5)","background-image":"","background-repeat":"repeat","background-position":"center center","background-size":"auto","background-attachment":"scroll","background-type":"","background-media":"","overlay-type":"","overlay-color":"","overlay-opacity":"","overlay-gradient":""},"mobile":{"background-color":"var(--ast-global-color-5)","background-image":"","background-repeat":"repeat","background-position":"center center","background-size":"auto","background-attachment":"scroll","background-type":"","background-media":"","overlay-type":"","overlay-color":"","overlay-opacity":"","overlay-gradient":""}},"_jetpack_memberships_contains_paid_content":false,"footnotes":""},"categories":[1],"tags":[],"class_list":["post-180","post","type-post","status-publish","format-standard","hentry","category-non-classe"],"jetpack_featured_media_url":"","jetpack_sharing_enabled":true,"_links":{"self":[{"href":"https:\/\/aurance-energies.fr\/index.php\/wp-json\/wp\/v2\/posts\/180","targetHints":{"allow":["GET"]}}],"collection":[{"href":"https:\/\/aurance-energies.fr\/index.php\/wp-json\/wp\/v2\/posts"}],"about":[{"href":"https:\/\/aurance-energies.fr\/index.php\/wp-json\/wp\/v2\/types\/post"}],"author":[{"embeddable":true,"href":"https:\/\/aurance-energies.fr\/index.php\/wp-json\/wp\/v2\/users\/1"}],"replies":[{"embeddable":true,"href":"https:\/\/aurance-energies.fr\/index.php\/wp-json\/wp\/v2\/comments?post=180"}],"version-history":[{"count":0,"href":"https:\/\/aurance-energies.fr\/index.php\/wp-json\/wp\/v2\/posts\/180\/revisions"}],"wp:attachment":[{"href":"https:\/\/aurance-energies.fr\/index.php\/wp-json\/wp\/v2\/media?parent=180"}],"wp:term":[{"taxonomy":"category","embeddable":true,"href":"https:\/\/aurance-energies.fr\/index.php\/wp-json\/wp\/v2\/categories?post=180"},{"taxonomy":"post_tag","embeddable":true,"href":"https:\/\/aurance-energies.fr\/index.php\/wp-json\/wp\/v2\/tags?post=180"}],"curies":[{"name":"wp","href":"https:\/\/api.w.org\/{rel}","templated":true}]}}