{"id":1134,"date":"2022-03-02T08:40:18","date_gmt":"2022-03-02T07:40:18","guid":{"rendered":"http:\/\/aurance-energies.fr\/?p=1134"},"modified":"2022-03-02T08:42:07","modified_gmt":"2022-03-02T07:42:07","slug":"webinaire-solarcoop-sur-lequipement-des-petites-toitures","status":"publish","type":"post","link":"https:\/\/aurance-energies.fr\/index.php\/2022\/03\/02\/webinaire-solarcoop-sur-lequipement-des-petites-toitures\/","title":{"rendered":"Webinaire Solarcoop sur l&rsquo;\u00e9quipement des petites toitures"},"content":{"rendered":"<p>Lors des diff\u00e9rentes r\u00e9unions d&rsquo;informations organis\u00e9es par A Nos Watts, un certain nombre de particuliers se sont montr\u00e9s int\u00e9ress\u00e9s par un projet personnel photovolta\u00efque.<\/p>\n<p>Afin de r\u00e9pondre \u00e0 cette demande, A Nos Watts organise, en collaboration avec Solarcoop, Soci\u00e9t\u00e9 coop\u00e9rative citoyenne, un webinaire pouvant r\u00e9pondre \u00e0 ces questions.<\/p>\n<div id=\"v1v1v1v1forwardbody1\">\n<div class=\"v1v1v1v1v1default-style\">Ce webinaire pr\u00e9sentera en d\u00e9tails :<\/div>\n<div class=\"v1v1v1v1v1default-style\">\u2022 L&rsquo;\u00e9tat de l&rsquo;art du photovolta\u00efque<br \/>\n\u2022 Comment \u00e9viter les pi\u00e8ges du solaire ?<br \/>\n\u2022 La coop\u00e9rative Solarcoop<br \/>\n\u2022 les kits photovolta\u00efques d&rsquo;autoconsommation propos\u00e9s par Solarcoop, \u00e0 installer soi-m\u00eame,<br \/>\n\u2022 l&rsquo;accompagnement gratuit que peut proposer Solarcoop pour votre projet photovolta\u00efque en toiture (de 3 \u00e0 9kWc).<strong>\u00a0 \u00a0 \u00a0 \u00a0 \u00a0 \u00a0 \u00a0 \u00a0 \u00a0 <\/strong><\/div>\n<div><\/div>\n<div class=\"v1v1v1v1v1default-style\" style=\"text-align: center;\"><strong>Rendez vous en ligne le 10 mars 2022 de 18h30 \u00e0 20h<\/strong><\/div>\n<div class=\"v1v1v1v1v1default-style\"><\/div>\n<div class=\"v1v1v1v1v1default-style\">Vous pouvez vous inscrire au webinaire sur le lien suivant:<\/div>\n<div class=\"v1v1v1v1v1default-style\">\n<p>\u00a0<a href=\"https:\/\/us02web.zoom.us\/meeting\/register\/tZAtcuuupz8vE9a8afxBn7s1XhN59VAeOj2Q\" target=\"_blank\" rel=\"noopener noreferrer\">https:\/\/us02web.zoom.us\/meeting\/register\/tZAtcuuupz8vE9a8afxBn7s1XhN59VAeOj2Q<\/a><\/p>\n<\/div>\n<div class=\"v1v1v1v1v1default-style\">Pour tout renseignement :\u00a0David MOINE &#8211; charg\u00e9 de mission\u00a0 Solarcoop 06 88 02 09 37<\/div>\n<div class=\"v1v1v1v1v1io-ox-signature\">\n<div class=\"v1v1v1v1v1default-style\"><img data-recalc-dims=\"1\" decoding=\"async\" class=\"alignnone size-medium wp-image-1135 lazyload\" data-src=\"https:\/\/i0.wp.com\/aurance-energies.fr\/wp-content\/uploads\/2022\/03\/Partie-2.jpeg?resize=300%2C67&#038;ssl=1\" alt=\"\" width=\"300\" height=\"67\" data-srcset=\"https:\/\/i0.wp.com\/aurance-energies.fr\/wp-content\/uploads\/2022\/03\/Partie-2.jpeg?resize=300%2C67&amp;ssl=1 300w, https:\/\/i0.wp.com\/aurance-energies.fr\/wp-content\/uploads\/2022\/03\/Partie-2.jpeg?resize=768%2C171&amp;ssl=1 768w, https:\/\/i0.wp.com\/aurance-energies.fr\/wp-content\/uploads\/2022\/03\/Partie-2.jpeg?resize=1024%2C227&amp;ssl=1 1024w, https:\/\/i0.wp.com\/aurance-energies.fr\/wp-content\/uploads\/2022\/03\/Partie-2.jpeg?w=1436&amp;ssl=1 1436w\" data-sizes=\"(max-width: 300px) 100vw, 300px\" src=\"data:image\/svg+xml;base64,PHN2ZyB3aWR0aD0iMSIgaGVpZ2h0PSIxIiB4bWxucz0iaHR0cDovL3d3dy53My5vcmcvMjAwMC9zdmciPjwvc3ZnPg==\" style=\"--smush-placeholder-width: 300px; --smush-placeholder-aspect-ratio: 300\/67;\" \/><\/div>\n<div class=\"v1v1v1v1v1default-style\">\u00a0 \u00a0<a href=\"http:\/\/www.solarcoop.fr\/\" target=\"_blank\" rel=\"noopener noreferrer\">www.solarcoop.fr<\/a><\/div>\n<\/div>\n<\/div>\n","protected":false},"excerpt":{"rendered":"<p>Lors des diff\u00e9rentes r\u00e9unions d&rsquo;informations organis\u00e9es par A Nos Watts, un certain nombre de particuliers se sont montr\u00e9s int\u00e9ress\u00e9s par un projet personnel photovolta\u00efque. Afin de r\u00e9pondre \u00e0 cette demande, A Nos Watts organise, en collaboration avec Solarcoop, Soci\u00e9t\u00e9 coop\u00e9rative citoyenne, un webinaire pouvant r\u00e9pondre \u00e0 ces questions. Ce webinaire pr\u00e9sentera en d\u00e9tails : \u2022 [&hellip;]<\/p>\n","protected":false},"author":10,"featured_media":0,"comment_status":"closed","ping_status":"open","sticky":false,"template":"","format":"standard","meta":{"site-sidebar-layout":"default","site-content-layout":"","ast-site-content-layout":"default","site-content-style":"default","site-sidebar-style":"default","ast-global-header-display":"","ast-banner-title-visibility":"","ast-main-header-display":"","ast-hfb-above-header-display":"","ast-hfb-below-header-display":"","ast-hfb-mobile-header-display":"","site-post-title":"","ast-breadcrumbs-content":"","ast-featured-img":"","footer-sml-layout":"","ast-disable-related-posts":"","theme-transparent-header-meta":"","adv-header-id-meta":"","stick-header-meta":"","header-above-stick-meta":"","header-main-stick-meta":"","header-below-stick-meta":"","astra-migrate-meta-layouts":"default","ast-page-background-enabled":"default","ast-page-background-meta":{"desktop":{"background-color":"var(--ast-global-color-4)","background-image":"","background-repeat":"repeat","background-position":"center center","background-size":"auto","background-attachment":"scroll","background-type":"","background-media":"","overlay-type":"","overlay-color":"","overlay-opacity":"","overlay-gradient":""},"tablet":{"background-color":"","background-image":"","background-repeat":"repeat","background-position":"center center","background-size":"auto","background-attachment":"scroll","background-type":"","background-media":"","overlay-type":"","overlay-color":"","overlay-opacity":"","overlay-gradient":""},"mobile":{"background-color":"","background-image":"","background-repeat":"repeat","background-position":"center center","background-size":"auto","background-attachment":"scroll","background-type":"","background-media":"","overlay-type":"","overlay-color":"","overlay-opacity":"","overlay-gradient":""}},"ast-content-background-meta":{"desktop":{"background-color":"var(--ast-global-color-5)","background-image":"","background-repeat":"repeat","background-position":"center center","background-size":"auto","background-attachment":"scroll","background-type":"","background-media":"","overlay-type":"","overlay-color":"","overlay-opacity":"","overlay-gradient":""},"tablet":{"background-color":"var(--ast-global-color-5)","background-image":"","background-repeat":"repeat","background-position":"center center","background-size":"auto","background-attachment":"scroll","background-type":"","background-media":"","overlay-type":"","overlay-color":"","overlay-opacity":"","overlay-gradient":""},"mobile":{"background-color":"var(--ast-global-color-5)","background-image":"","background-repeat":"repeat","background-position":"center center","background-size":"auto","background-attachment":"scroll","background-type":"","background-media":"","overlay-type":"","overlay-color":"","overlay-opacity":"","overlay-gradient":""}},"_jetpack_memberships_contains_paid_content":false,"footnotes":""},"categories":[30,5],"tags":[],"class_list":["post-1134","post","type-post","status-publish","format-standard","hentry","category-a-nos-watts","category-actualites"],"jetpack_featured_media_url":"","jetpack_sharing_enabled":true,"_links":{"self":[{"href":"https:\/\/aurance-energies.fr\/index.php\/wp-json\/wp\/v2\/posts\/1134","targetHints":{"allow":["GET"]}}],"collection":[{"href":"https:\/\/aurance-energies.fr\/index.php\/wp-json\/wp\/v2\/posts"}],"about":[{"href":"https:\/\/aurance-energies.fr\/index.php\/wp-json\/wp\/v2\/types\/post"}],"author":[{"embeddable":true,"href":"https:\/\/aurance-energies.fr\/index.php\/wp-json\/wp\/v2\/users\/10"}],"replies":[{"embeddable":true,"href":"https:\/\/aurance-energies.fr\/index.php\/wp-json\/wp\/v2\/comments?post=1134"}],"version-history":[{"count":0,"href":"https:\/\/aurance-energies.fr\/index.php\/wp-json\/wp\/v2\/posts\/1134\/revisions"}],"wp:attachment":[{"href":"https:\/\/aurance-energies.fr\/index.php\/wp-json\/wp\/v2\/media?parent=1134"}],"wp:term":[{"taxonomy":"category","embeddable":true,"href":"https:\/\/aurance-energies.fr\/index.php\/wp-json\/wp\/v2\/categories?post=1134"},{"taxonomy":"post_tag","embeddable":true,"href":"https:\/\/aurance-energies.fr\/index.php\/wp-json\/wp\/v2\/tags?post=1134"}],"curies":[{"name":"wp","href":"https:\/\/api.w.org\/{rel}","templated":true}]}}