{"id":1108,"date":"2022-01-30T18:27:17","date_gmt":"2022-01-30T17:27:17","guid":{"rendered":"http:\/\/aurance-energies.fr\/?p=1108"},"modified":"2022-01-30T19:14:42","modified_gmt":"2022-01-30T18:14:42","slug":"de-lelectricite-verte-pour-les-ecoles-de-la-communaute-de-commune-rhone-crussol","status":"publish","type":"post","link":"https:\/\/aurance-energies.fr\/index.php\/2022\/01\/30\/de-lelectricite-verte-pour-les-ecoles-de-la-communaute-de-commune-rhone-crussol\/","title":{"rendered":"De l&rsquo;\u00e9lectricit\u00e9 verte pour les \u00e9coles de la Communaut\u00e9 de Commune Rh\u00f4ne-Crussol"},"content":{"rendered":"<figure id=\"attachment_1112\" aria-describedby=\"caption-attachment-1112\" style=\"width: 413px\" class=\"wp-caption alignright\"><img data-recalc-dims=\"1\" fetchpriority=\"high\" decoding=\"async\" class=\"wp-image-1112\" style=\"font-size: 0.95em;\" src=\"https:\/\/i0.wp.com\/aurance-energies.fr\/wp-content\/uploads\/2022\/01\/IMG_1430.jpg?resize=413%2C310&#038;ssl=1\" alt=\"\" width=\"413\" height=\"310\" \/><figcaption id=\"caption-attachment-1112\" class=\"wp-caption-text\">Une des \u00e9coles \u00e0 \u00e9quiper (St Sylvestre)<\/figcaption><\/figure>\n<p>Aurance Energies a \u00e9t\u00e9 retenue po<span style=\"font-size: 0.95em;\">ur \u00e9quiper les toitures de l&rsquo;ensemble des \u00e9coles de la communaut\u00e9 de communes de Rh\u00f4ne Crussol de c<\/span><span style=\"font-size: 0.95em;\">entrales ph<\/span><span style=\"font-size: 0.95em;\">otovolta\u00efques.<\/span><\/p>\n<p>Au total, cela repr\u00e9sente au moins\u00a016 toits pour u<span style=\"font-size: 0.95em;\">ne puissance install\u00e9e estim\u00e9e \u00e0 710 KWc\u00a0<\/span><span style=\"font-size: 0.95em;\">sur 11\u00a0<\/span><span style=\"font-size: 0.95em;\">communes et un bu<\/span><span style=\"font-size: 0.95em;\">dget global de 800 K\u20ac.<\/span><span style=\"font-size: 0.95em;\">\u00a0<\/span><span style=\"font-size: 0.95em;\">Cette puissance repr\u00e9sente le double de la capacit\u00e9 de production d&rsquo;Aurance Energies en 2021. Elle va produire\u00a0 800MWh\/an soit la consommation \u00e9lectrique de plus de 300 foyers.<\/span><\/p>\n<h4>Prolonger notre action aupr\u00e8s des scolaires<\/h4>\n<figure id=\"attachment_1114\" aria-describedby=\"caption-attachment-1114\" style=\"width: 331px\" class=\"wp-caption alignright\"><img data-recalc-dims=\"1\" decoding=\"async\" class=\"wp-image-1114 lazyload\" style=\"--smush-placeholder-width: 331px; --smush-placeholder-aspect-ratio: 331\/204;font-weight: bold; text-align: center; font-size: 0.95em;\" data-src=\"https:\/\/i0.wp.com\/aurance-energies.fr\/wp-content\/uploads\/2022\/01\/ecole_atelier_watty.jpeg?resize=331%2C204&#038;ssl=1\" alt=\"programme Watty \u00e0 l'\u00e9cole.\" width=\"331\" height=\"204\" data-srcset=\"https:\/\/i0.wp.com\/aurance-energies.fr\/wp-content\/uploads\/2022\/01\/ecole_atelier_watty.jpeg?w=1000&amp;ssl=1 1000w, https:\/\/i0.wp.com\/aurance-energies.fr\/wp-content\/uploads\/2022\/01\/ecole_atelier_watty.jpeg?resize=300%2C185&amp;ssl=1 300w, https:\/\/i0.wp.com\/aurance-energies.fr\/wp-content\/uploads\/2022\/01\/ecole_atelier_watty.jpeg?resize=768%2C473&amp;ssl=1 768w\" data-sizes=\"(max-width: 331px) 100vw, 331px\" src=\"data:image\/svg+xml;base64,PHN2ZyB3aWR0aD0iMSIgaGVpZ2h0PSIxIiB4bWxucz0iaHR0cDovL3d3dy53My5vcmcvMjAwMC9zdmciPjwvc3ZnPg==\" \/><figcaption id=\"caption-attachment-1114\" class=\"wp-caption-text\">Le Programme \u00ab\u00a0Watty\u00a0\u00bb\u00a0 bient\u00f4t d\u00e9ploy\u00e9 localement?<\/figcaption><\/figure>\n<p>Aurance Energies, fid\u00e8le \u00e0 sa charte \u00e9thique, va privil\u00e9gier du mat\u00e9riel fran\u00e7ais ou europ\u00e9en pour composer ses centrales.<\/p>\n<p>Solariser les \u00e9coles va \u00eatre aussi l&rsquo;occasion de tisser du lien avec les\u00a0<span style=\"font-size: 0.95em;\">\u00e9quipes enseignantes et proposer des inaugurations festives et des actions\u00a0<\/span>p\u00e9dagogiques sur la dur\u00e9e aupr\u00e8s des scolaires :<\/p>\n<p>Les loyers des centrales vers\u00e9s aux communes pourront permettre de financer de mani\u00e8re mutualis\u00e9e un programme\u00a0p\u00e9dagogique\u00a0 pour la transition \u00e9cologique\u00a0 :\u00a0<a href=\"https:\/\/www.watty.fr\/sensibilisation_transition_ecologique\/\" target=\"_blank\" rel=\"noopener noreferrer\">Watty \u00e0 l&rsquo;\u00e9cole\u00a0<\/a>.\u00a0Les enfants b\u00e9n\u00e9ficieraient dans ce cas de plusieurs ateliers par an,\u00a0conduits par des professionnels.<\/p>\n<h4>Une mobilisation tout azimut<\/h4>\n<p>Ces chantiers ambitieux vont permettre\u00a0<span style=\"font-size: 0.95em;\">permettre \u00e0 la <\/span><span style=\"font-size: 14.4414px;\">soci\u00e9t\u00e9<\/span><span style=\"font-size: 0.95em;\">\u00a0de d\u00e9passer 1 Mega Watt cr\u00eate de puissance install\u00e9e.\u00a0\u00a0<\/span><span style=\"font-size: 0.95em;\">Pendant les 2 ans \u00e0 venir les comp\u00e9tences et les efforts de tous les b\u00e9n\u00e9voles du coll\u00e8ge de gestion seront mobilis\u00e9s,\u00a0et\u00a0<\/span>Aurance Energies s&rsquo;appuiera \u00e9galement sur l\u2019association locale pour la transition Yapluka pour multiplier les actions :<\/p>\n<ul>\n<li><span style=\"font-size: 0.95em;\">des\u00a0<\/span><span style=\"font-size: 15.2015px;\">r\u00e9unions<\/span>\u00a0d informations pour d\u00e9couvrir la d\u00e9marche de solarisation des \u00e9coles et \u00e9changer sur ses enjeux<\/li>\n<li>une campagne de lev\u00e9e de <span style=\"font-size: 0.95em;\">fonds citoyenne pour\u00a0<\/span>r\u00e9unir sur le territoire les 100 000\u20ac de fonds propres n\u00e9cessaires au projet<\/li>\n<li>des moments festifs qui pourront \u00eatre tenus \u00e0 l&rsquo;occasion\u00a0des\u00a0inaugurations<\/li>\n<\/ul>\n<h4>Une premi\u00e8re pierre d&rsquo;un plus grand \u00e9difice<\/h4>\n<p>La Communaut\u00e9 de Communes Rh\u00f4ne-Crussol\u00a0avait \u00a0lanc\u00e9 en 2021 un appel \u00e0 manifestation d&rsquo;int\u00e9r\u00eat (AMI) pour trouver un op\u00e9rateur capable de financer et d&rsquo;exploiter un parc de\u00a0 centrales photovolta\u00efques sur les toits des \u00e9tablissements scolaires des communes du territoire.<\/p>\n<p>Cette d\u00e9marche est un des marqueurs\u00a0de son Plan Climat et va contribuer \u00e0 ses objectifs TEPOS ( Territoire \u00e0 \u00c9nergie Positive ) : produire localement plus d&rsquo;\u00e9nergie\u00a0que celle consomm\u00e9e.<\/p>\n<p>La candidature d&rsquo;Aurance Energies a \u00e9t\u00e9 retenue pour ses valeurs en ad\u00e9quation\u00a0avec la volont\u00e9 publique : mobiliser les citoyens du territoire pour r\u00e9pondre aux enjeux de la transition \u00e9nerg\u00e9tique\u00a0et \u00e9cologique.<\/p>\n<p>&nbsp;<\/p>\n<p>&nbsp;<\/p>\n<p>&nbsp;<\/p>\n<p>&nbsp;<\/p>\n","protected":false},"excerpt":{"rendered":"<p>Aurance Energies est laur\u00e9ate d&rsquo;un appel \u00e0 manifestation d&rsquo;inter\u00eat, pour \u00e9quiper les toitures de l&rsquo;ensemble des \u00e9coles de la communaut\u00e9 de communes de Rh\u00f4ne Crussol de centrales photovolta\u00efques.<\/p>\n","protected":false},"author":1,"featured_media":1109,"comment_status":"closed","ping_status":"open","sticky":false,"template":"","format":"standard","meta":{"site-sidebar-layout":"default","site-content-layout":"","ast-site-content-layout":"default","site-content-style":"default","site-sidebar-style":"default","ast-global-header-display":"","ast-banner-title-visibility":"","ast-main-header-display":"","ast-hfb-above-header-display":"","ast-hfb-below-header-display":"","ast-hfb-mobile-header-display":"","site-post-title":"","ast-breadcrumbs-content":"","ast-featured-img":"","footer-sml-layout":"","ast-disable-related-posts":"","theme-transparent-header-meta":"","adv-header-id-meta":"","stick-header-meta":"","header-above-stick-meta":"","header-main-stick-meta":"","header-below-stick-meta":"","astra-migrate-meta-layouts":"default","ast-page-background-enabled":"default","ast-page-background-meta":{"desktop":{"background-color":"var(--ast-global-color-4)","background-image":"","background-repeat":"repeat","background-position":"center center","background-size":"auto","background-attachment":"scroll","background-type":"","background-media":"","overlay-type":"","overlay-color":"","overlay-opacity":"","overlay-gradient":""},"tablet":{"background-color":"","background-image":"","background-repeat":"repeat","background-position":"center center","background-size":"auto","background-attachment":"scroll","background-type":"","background-media":"","overlay-type":"","overlay-color":"","overlay-opacity":"","overlay-gradient":""},"mobile":{"background-color":"","background-image":"","background-repeat":"repeat","background-position":"center center","background-size":"auto","background-attachment":"scroll","background-type":"","background-media":"","overlay-type":"","overlay-color":"","overlay-opacity":"","overlay-gradient":""}},"ast-content-background-meta":{"desktop":{"background-color":"var(--ast-global-color-5)","background-image":"","background-repeat":"repeat","background-position":"center center","background-size":"auto","background-attachment":"scroll","background-type":"","background-media":"","overlay-type":"","overlay-color":"","overlay-opacity":"","overlay-gradient":""},"tablet":{"background-color":"var(--ast-global-color-5)","background-image":"","background-repeat":"repeat","background-position":"center center","background-size":"auto","background-attachment":"scroll","background-type":"","background-media":"","overlay-type":"","overlay-color":"","overlay-opacity":"","overlay-gradient":""},"mobile":{"background-color":"var(--ast-global-color-5)","background-image":"","background-repeat":"repeat","background-position":"center center","background-size":"auto","background-attachment":"scroll","background-type":"","background-media":"","overlay-type":"","overlay-color":"","overlay-opacity":"","overlay-gradient":""}},"_jetpack_memberships_contains_paid_content":false,"footnotes":""},"categories":[5],"tags":[],"class_list":["post-1108","post","type-post","status-publish","format-standard","has-post-thumbnail","hentry","category-actualites"],"jetpack_featured_media_url":"https:\/\/i0.wp.com\/aurance-energies.fr\/wp-content\/uploads\/2022\/01\/unnamed-4.png?fit=300%2C162&ssl=1","jetpack_sharing_enabled":true,"_links":{"self":[{"href":"https:\/\/aurance-energies.fr\/index.php\/wp-json\/wp\/v2\/posts\/1108","targetHints":{"allow":["GET"]}}],"collection":[{"href":"https:\/\/aurance-energies.fr\/index.php\/wp-json\/wp\/v2\/posts"}],"about":[{"href":"https:\/\/aurance-energies.fr\/index.php\/wp-json\/wp\/v2\/types\/post"}],"author":[{"embeddable":true,"href":"https:\/\/aurance-energies.fr\/index.php\/wp-json\/wp\/v2\/users\/1"}],"replies":[{"embeddable":true,"href":"https:\/\/aurance-energies.fr\/index.php\/wp-json\/wp\/v2\/comments?post=1108"}],"version-history":[{"count":0,"href":"https:\/\/aurance-energies.fr\/index.php\/wp-json\/wp\/v2\/posts\/1108\/revisions"}],"wp:featuredmedia":[{"embeddable":true,"href":"https:\/\/aurance-energies.fr\/index.php\/wp-json\/wp\/v2\/media\/1109"}],"wp:attachment":[{"href":"https:\/\/aurance-energies.fr\/index.php\/wp-json\/wp\/v2\/media?parent=1108"}],"wp:term":[{"taxonomy":"category","embeddable":true,"href":"https:\/\/aurance-energies.fr\/index.php\/wp-json\/wp\/v2\/categories?post=1108"},{"taxonomy":"post_tag","embeddable":true,"href":"https:\/\/aurance-energies.fr\/index.php\/wp-json\/wp\/v2\/tags?post=1108"}],"curies":[{"name":"wp","href":"https:\/\/api.w.org\/{rel}","templated":true}]}}